{"id":13571,"date":"2023-06-18T15:02:00","date_gmt":"2023-06-18T13:02:00","guid":{"rendered":"https:\/\/www.stodeus.com\/?p=13571"},"modified":"2023-06-19T10:03:54","modified_gmt":"2023-06-19T08:03:54","slug":"french-open-2023-jonathan-marin-crowned-french-champion","status":"publish","type":"post","link":"https:\/\/www.stodeus.com\/es\/french-open-2023-jonathan-marin-crowned-french-champion\/","title":{"rendered":"Abierto de Francia 2023: \u00a1Jonathan Marin se corona campe\u00f3n de Francia!"},"content":{"rendered":"\t\t<div data-elementor-type=\"wp-post\" data-elementor-id=\"13571\" class=\"elementor elementor-13571\" data-elementor-post-type=\"post\">\n\t\t\t\t<div class=\"elementor-element elementor-element-3faf6fc e-flex e-con-boxed e-con e-parent\" data-id=\"3faf6fc\" data-element_type=\"container\">\n\t\t\t\t\t<div class=\"e-con-inner\">\n\t\t\t\t<div class=\"elementor-element elementor-element-e36c0d0 elementor-widget elementor-widget-spacer\" data-id=\"e36c0d0\" data-element_type=\"widget\" data-widget_type=\"spacer.default\">\n\t\t\t\t<div class=\"elementor-widget-container\">\n\t\t\t\t\t<div class=\"elementor-spacer\">\n\t\t\t<div class=\"elementor-spacer-inner\"><\/div>\n\t\t<\/div>\n\t\t\t\t<\/div>\n\t\t\t\t<\/div>\n\t\t\t\t\t<\/div>\n\t\t\t\t<\/div>\n\t\t<div class=\"elementor-element elementor-element-5b01bd3 e-flex e-con-boxed e-con e-parent\" data-id=\"5b01bd3\" data-element_type=\"container\">\n\t\t\t\t\t<div class=\"e-con-inner\">\n\t\t<div class=\"elementor-element elementor-element-aa7f7e4 e-flex e-con-boxed e-con e-parent\" data-id=\"aa7f7e4\" data-element_type=\"container\">\n\t\t\t\t\t<div class=\"e-con-inner\">\n\t\t<div class=\"elementor-element elementor-element-aaaa6d9 e-con-full e-flex e-con e-parent\" data-id=\"aaaa6d9\" data-element_type=\"container\">\n\t\t\t\t<div class=\"elementor-element elementor-element-e067e71 elementor-widget elementor-widget-image\" data-id=\"e067e71\" data-element_type=\"widget\" data-widget_type=\"image.default\">\n\t\t\t\t<div class=\"elementor-widget-container\">\n\t\t\t\t\t\t\t\t\t\t<figure class=\"wp-caption\">\n\t\t\t\t\t\t\t\t\t\t<img fetchpriority=\"high\" decoding=\"async\" width=\"853\" height=\"1280\" src=\"https:\/\/www.stodeus.com\/wp-content\/uploads\/2023\/06\/jonathan_marin_champion_de_france_2023_r.jpeg\" class=\"attachment-full size-full wp-image-13572\" alt=\"\" srcset=\"https:\/\/www.stodeus.com\/wp-content\/uploads\/2023\/06\/jonathan_marin_champion_de_france_2023_r.jpeg 853w, https:\/\/www.stodeus.com\/wp-content\/uploads\/2023\/06\/jonathan_marin_champion_de_france_2023_r-200x300.jpeg 200w, https:\/\/www.stodeus.com\/wp-content\/uploads\/2023\/06\/jonathan_marin_champion_de_france_2023_r-682x1024.jpeg 682w, https:\/\/www.stodeus.com\/wp-content\/uploads\/2023\/06\/jonathan_marin_champion_de_france_2023_r-768x1152.jpeg 768w, https:\/\/www.stodeus.com\/wp-content\/uploads\/2023\/06\/jonathan_marin_champion_de_france_2023_r-8x12.jpeg 8w\" sizes=\"(max-width: 853px) 100vw, 853px\" \/>\t\t\t\t\t\t\t\t\t\t\t<figcaption class=\"widget-image-caption wp-caption-text\">photo : FFVL<\/figcaption>\n\t\t\t\t\t\t\t\t\t\t<\/figure>\n\t\t\t\t\t\t\t<\/div>\n\t\t\t\t<\/div>\n\t\t\t\t<div class=\"elementor-element elementor-element-6df3da4 elementor-widget elementor-widget-heading\" data-id=\"6df3da4\" data-element_type=\"widget\" data-widget_type=\"heading.default\">\n\t\t\t\t<div class=\"elementor-widget-container\">\n\t\t\t<h2 class=\"elementor-heading-title elementor-size-default\">French Open 2023 : Jonathan Marin champion de France !<\/h2>\t\t<\/div>\n\t\t\t\t<\/div>\n\t\t\t\t<div class=\"elementor-element elementor-element-9d7627f elementor-widget elementor-widget-text-editor\" data-id=\"9d7627f\" data-element_type=\"widget\" data-widget_type=\"text-editor.default\">\n\t\t\t\t<div class=\"elementor-widget-container\">\n\t\t\t\t\t\t\t<p>\ud83c\udfc6 Jonathan Marin a brillamment remport\u00e9 les Championnats de France de Parapente \u00e0 Bourg-Saint-Maurice, du 6 au 11 juin. Au cours de quatre manches palpitantes, Jonathan a maintenu sa premi\u00e8re place jusqu&rsquo;au bout, le sacrant ainsi Champion de France.<\/p><p>\ud83e\udd29 Nous sommes fiers de l&rsquo;accompagner dans ses vols avec l&rsquo;<a href=\"https:\/\/www.stodeus.com\/ultrabip-solar-gps-bluetooth-vario-vocal\/\">UltraBip<\/a> !<\/p><p>Lo\u00efs Goutagny (deuxi\u00e8me place) et Pierre Remy (troisi\u00e8me place) ont \u00e9galement brill\u00e9 sur ce Championnat. \ud83d\udc4f<\/p><p>\ud83d\ude80 Dans la cat\u00e9gorie f\u00e9minine, Constance Mettetal, vice-championne du monde de parapente 2023, a \u00e9t\u00e9 impressionnante. Elle est sacr\u00e9e Championne de France, confirmant sa position parmi les meilleures pilotes. Daphn\u00e9e Ieropoli et Capucine D\u00e9liot ont \u00e9galement r\u00e9alis\u00e9 d&rsquo;excellentes performances, se classant respectivement en deuxi\u00e8me et troisi\u00e8me position.<\/p><p>Retrouvez tous les r\u00e9sultats sur : <a href=\"https:\/\/parapente.ffvl.fr\/french-open\" target=\"_blank\" rel=\"noopener\">https:\/\/parapente.ffvl.fr\/french-open<\/a><\/p>\t\t\t\t\t\t<\/div>\n\t\t\t\t<\/div>\n\t\t\t\t<div class=\"elementor-element elementor-element-56b5724 elementor-widget elementor-widget-image\" data-id=\"56b5724\" data-element_type=\"widget\" data-widget_type=\"image.default\">\n\t\t\t\t<div class=\"elementor-widget-container\">\n\t\t\t\t\t\t\t\t\t\t<figure class=\"wp-caption\">\n\t\t\t\t\t\t\t\t\t\t<img decoding=\"async\" width=\"800\" height=\"533\" src=\"https:\/\/www.stodeus.com\/wp-content\/uploads\/2023\/06\/french_open_2023_podium_r-1024x682.jpeg\" class=\"attachment-large size-large wp-image-13573\" alt=\"\" srcset=\"https:\/\/www.stodeus.com\/wp-content\/uploads\/2023\/06\/french_open_2023_podium_r-1024x682.jpeg 1024w, https:\/\/www.stodeus.com\/wp-content\/uploads\/2023\/06\/french_open_2023_podium_r-300x200.jpeg 300w, https:\/\/www.stodeus.com\/wp-content\/uploads\/2023\/06\/french_open_2023_podium_r-768x512.jpeg 768w, https:\/\/www.stodeus.com\/wp-content\/uploads\/2023\/06\/french_open_2023_podium_r-18x12.jpeg 18w, https:\/\/www.stodeus.com\/wp-content\/uploads\/2023\/06\/french_open_2023_podium_r.jpeg 1280w\" sizes=\"(max-width: 800px) 100vw, 800px\" \/>\t\t\t\t\t\t\t\t\t\t\t<figcaption class=\"widget-image-caption wp-caption-text\">photo : FFVL<\/figcaption>\n\t\t\t\t\t\t\t\t\t\t<\/figure>\n\t\t\t\t\t\t\t<\/div>\n\t\t\t\t<\/div>\n\t\t\t\t<div class=\"elementor-element elementor-element-6bc19b5 elementor-widget elementor-widget-spacer\" data-id=\"6bc19b5\" data-element_type=\"widget\" data-widget_type=\"spacer.default\">\n\t\t\t\t<div class=\"elementor-widget-container\">\n\t\t\t\t\t<div class=\"elementor-spacer\">\n\t\t\t<div class=\"elementor-spacer-inner\"><\/div>\n\t\t<\/div>\n\t\t\t\t<\/div>\n\t\t\t\t<\/div>\n\t\t\t\t<div class=\"elementor-element elementor-element-fec38ba elementor-widget elementor-widget-text-editor\" data-id=\"fec38ba\" data-element_type=\"widget\" data-widget_type=\"text-editor.default\">\n\t\t\t\t<div class=\"elementor-widget-container\">\n\t\t\t\t\t\t\t<p><strong>Posts associ\u00e9s<\/strong><\/p>\t\t\t\t\t\t<\/div>\n\t\t\t\t<\/div>\n\t\t\t\t<\/div>\n\t\t<div class=\"elementor-element elementor-element-f3eacbc e-flex e-con-boxed e-con e-parent\" data-id=\"f3eacbc\" data-element_type=\"container\">\n\t\t\t\t\t<div class=\"e-con-inner\">\n\t\t<div class=\"elementor-element elementor-element-4c179cb e-flex e-con-boxed e-con e-parent\" data-id=\"4c179cb\" data-element_type=\"container\">\n\t\t\t\t\t<div class=\"e-con-inner\">\n\t\t\t\t<div class=\"elementor-element elementor-element-3822343 elementor-widget elementor-widget-wp-widget-recent-posts\" data-id=\"3822343\" data-element_type=\"widget\" data-widget_type=\"wp-widget-recent-posts.default\">\n\t\t\t\t<div class=\"elementor-widget-container\">\n\t\t\t\n\t\t\n\t\t<h5>Entradas recientes<\/h5>\n\t\t<ul>\n\t\t\t\t\t\t\t\t\t\t\t<li>\n\t\t\t\t\t<a href=\"https:\/\/www.stodeus.com\/es\/266km-april-record-flight-on-stodeus-logbook\/\">266 km : Le vol record du mois d&rsquo;Avril sur le LogBook Stodeus<\/a>\n\t\t\t\t\t\t\t\t\t<\/li>\n\t\t\t\t\t\t\t\t\t\t\t<li>\n\t\t\t\t\t<a href=\"https:\/\/www.stodeus.com\/es\/world-records-recorded-by-ultrabip\/\">Records du Monde enregistr\u00e9s par l&rsquo;UltraBip<\/a>\n\t\t\t\t\t\t\t\t\t<\/li>\n\t\t\t\t\t\t\t\t\t\t\t<li>\n\t\t\t\t\t<a href=\"https:\/\/www.stodeus.com\/es\/a-second-life-for-your-old-paragliding-gear\/\">Une seconde vie pour votre ancien mat\u00e9riel de parapente [VIDEO]<\/a>\n\t\t\t\t\t\t\t\t\t<\/li>\n\t\t\t\t\t\t\t\t\t\t\t<li>\n\t\t\t\t\t<a href=\"https:\/\/www.stodeus.com\/es\/biplink-logbook-a-new-era-for-stodeus-instruments\/\">BipLink &#038; LogBook : une nouvelle \u00e8re pour les instruments Stodeus<\/a>\n\t\t\t\t\t\t\t\t\t<\/li>\n\t\t\t\t\t\t\t\t\t\t\t<li>\n\t\t\t\t\t<a href=\"https:\/\/www.stodeus.com\/es\/stodeus-partenaire-de-la-chartreuse-x-plouf-2025\/\">Stodeus partenaire de la Chartreuse X Plouf 2025<\/a>\n\t\t\t\t\t\t\t\t\t<\/li>\n\t\t\t\t\t<\/ul>\n\n\t\t\t\t<\/div>\n\t\t\t\t<\/div>\n\t\t\t\t<div class=\"elementor-element elementor-element-1ec679c elementor-widget elementor-widget-wp-widget-categories\" data-id=\"1ec679c\" data-element_type=\"widget\" data-widget_type=\"wp-widget-categories.default\">\n\t\t\t\t<div class=\"elementor-widget-container\">\n\t\t\t<h5>Categor\u00edas<\/h5>\n\t\t\t<ul>\n\t\t\t\t\t<li class=\"cat-item cat-item-3\"><a href=\"https:\/\/www.stodeus.com\/es\/category\/aventures\/\">Aventures<\/a>\n<\/li>\n\t<li class=\"cat-item cat-item-40\"><a href=\"https:\/\/www.stodeus.com\/es\/category\/biplink\/\">BipLink<\/a>\n<\/li>\n\t<li class=\"cat-item cat-item-4\"><a href=\"https:\/\/www.stodeus.com\/es\/category\/coupe-icare\/\">Coupe Icare<\/a>\n<\/li>\n\t<li class=\"cat-item cat-item-5\"><a href=\"https:\/\/www.stodeus.com\/es\/category\/development\/\">D\u00e9veloppement<\/a>\n<\/li>\n\t<li class=\"cat-item cat-item-7\"><a href=\"https:\/\/www.stodeus.com\/es\/category\/fly\/\">Fly<\/a>\n<\/li>\n\t<li class=\"cat-item cat-item-39\"><a href=\"https:\/\/www.stodeus.com\/es\/category\/logbook\/\">LogBook<\/a>\n<\/li>\n\t<li class=\"cat-item cat-item-8\"><a href=\"https:\/\/www.stodeus.com\/es\/category\/magazine\/\">Magazine<\/a>\n<\/li>\n\t<li class=\"cat-item cat-item-9\"><a href=\"https:\/\/www.stodeus.com\/es\/category\/photos\/\">Photos<\/a>\n<\/li>\n\t<li class=\"cat-item cat-item-10\"><a href=\"https:\/\/www.stodeus.com\/es\/category\/production\/\">Production<\/a>\n<\/li>\n\t<li class=\"cat-item cat-item-6\"><a href=\"https:\/\/www.stodeus.com\/es\/category\/exhibition\/\">Salons<\/a>\n<\/li>\n\t<li class=\"cat-item cat-item-11\"><a href=\"https:\/\/www.stodeus.com\/es\/category\/sales\/\">Shop<\/a>\n<\/li>\n\t<li class=\"cat-item cat-item-12\"><a href=\"https:\/\/www.stodeus.com\/es\/category\/video\/\">Vid\u00e9o<\/a>\n<\/li>\n\t<li class=\"cat-item cat-item-13\"><a href=\"https:\/\/www.stodeus.com\/es\/category\/web\/\">Web<\/a>\n<\/li>\n\t\t\t<\/ul>\n\n\t\t\t\t\t<\/div>\n\t\t\t\t<\/div>\n\t\t\t\t\t<\/div>\n\t\t\t\t<\/div>\n\t\t\t\t\t<\/div>\n\t\t\t\t<\/div>\n\t\t\t\t\t<\/div>\n\t\t\t\t<\/div>\n\t\t\t\t\t<\/div>\n\t\t\t\t<\/div>\n\t\t\t\t<\/div>\n\t\t","protected":false},"excerpt":{"rendered":"<p>photo : FFVL French Open 2023 : Jonathan Marin champion de France ! \ud83c\udfc6 Jonathan Marin a brillamment remport\u00e9 les Championnats de France de Parapente \u00e0 Bourg-Saint-Maurice, du 6 au 11 juin. Au cours de quatre manches palpitantes, Jonathan a maintenu sa premi\u00e8re place jusqu&rsquo;au bout, le sacrant ainsi Champion de France. \ud83e\udd29 Nous sommes [&hellip;]<\/p>\n","protected":false},"author":2,"featured_media":13572,"comment_status":"open","ping_status":"open","sticky":false,"template":"","format":"standard","meta":{"footnotes":""},"categories":[3],"tags":[],"class_list":["post-13571","post","type-post","status-publish","format-standard","has-post-thumbnail","hentry","category-aventures"],"_links":{"self":[{"href":"https:\/\/www.stodeus.com\/es\/wp-json\/wp\/v2\/posts\/13571","targetHints":{"allow":["GET"]}}],"collection":[{"href":"https:\/\/www.stodeus.com\/es\/wp-json\/wp\/v2\/posts"}],"about":[{"href":"https:\/\/www.stodeus.com\/es\/wp-json\/wp\/v2\/types\/post"}],"author":[{"embeddable":true,"href":"https:\/\/www.stodeus.com\/es\/wp-json\/wp\/v2\/users\/2"}],"replies":[{"embeddable":true,"href":"https:\/\/www.stodeus.com\/es\/wp-json\/wp\/v2\/comments?post=13571"}],"version-history":[{"count":20,"href":"https:\/\/www.stodeus.com\/es\/wp-json\/wp\/v2\/posts\/13571\/revisions"}],"predecessor-version":[{"id":13644,"href":"https:\/\/www.stodeus.com\/es\/wp-json\/wp\/v2\/posts\/13571\/revisions\/13644"}],"wp:featuredmedia":[{"embeddable":true,"href":"https:\/\/www.stodeus.com\/es\/wp-json\/wp\/v2\/media\/13572"}],"wp:attachment":[{"href":"https:\/\/www.stodeus.com\/es\/wp-json\/wp\/v2\/media?parent=13571"}],"wp:term":[{"taxonomy":"category","embeddable":true,"href":"https:\/\/www.stodeus.com\/es\/wp-json\/wp\/v2\/categories?post=13571"},{"taxonomy":"post_tag","embeddable":true,"href":"https:\/\/www.stodeus.com\/es\/wp-json\/wp\/v2\/tags?post=13571"}],"curies":[{"name":"wp","href":"https:\/\/api.w.org\/{rel}","templated":true}]}}